{"dados":[{"titulo":"PROGRAMA DE CONCESS\u00c3O DO BENEF\u00cdCIO BOLSA ATLETA 2026","dataAtualizacao":"2026-03-12 11:32:59","dataPostagem":"2026-01-30 23:59:00","dataRealizacao":"2026-01-12 14:30:00","numeroEdital":0,"numeroProcesso":1,"modalidade":"Chamamento P\u00fablico","situacao":"Em Andamento","descricao":"","valorEstimado":"","valorHomologado":""},{"titulo":"CHAMAMENTO P\u00daBLICO PARA CONCESS\u00c3O DE VAGAS PARA A EXPLORA\u00c7\u00c3O COMERCIAL DO SERVI\u00c7O DE BARES E RESTAURANTES PARA AS FESTIVIDADES DO CARNAVAL PARACATU 2026 - CARNA FOLIA","dataAtualizacao":"2026-06-03 17:43:49","dataPostagem":"2026-01-30 17:00:00","dataRealizacao":"2026-01-19 09:58:00","numeroEdital":1,"numeroProcesso":1,"modalidade":"Chamamento P\u00fablico","situacao":"Adjudicado","descricao":"<div style=\"text-align: justify;\">A Prefeitura Municipal de Paracatu, por interm&eacute;dio da Secretaria Municipal de Turismo, no uso de suas atribui&ccedil;&otilde;es torna p&uacute;blico o Edital de Chamamento P&uacute;blico para concess&atilde;o de vagas para explora&ccedil;&atilde;o comercial do servi&ccedil;o de Bares e Restaurantes para o Carnaval 2026 a realizar-se nos dia 13 a 17 de fevereiro de 2026. O evento acontecer&aacute; na Avenida Oleg&aacute;rio Maciel, s\/n, centro, Paracatu (MG) no per&iacute;odo noturno, de acordo com as condi&ccedil;&otilde;es estabelecidas neste instrumento convocat&oacute;rio.<br \/>\r\n<br \/>\r\n<br \/>\r\n<br \/>\r\n<br \/>\r\n&nbsp;<\/div>\r\n","valorEstimado":"","valorHomologado":""},{"titulo":"CHAMAMENTO P\u00daBLICO PARA CONCESS\u00c3O DE VAGAS PARA A EXPLORA\u00c7\u00c3O COMERCIAL DO SERVI\u00c7O DE BARES E RESTAURANTES PARA AS FESTIVIDADES DO CARNAVAL PARACATU 2026 - OUTRORA","dataAtualizacao":"2026-06-03 17:43:39","dataPostagem":"2026-01-30 17:00:00","dataRealizacao":"2026-01-19 10:24:00","numeroEdital":1,"numeroProcesso":1,"modalidade":"Chamamento P\u00fablico","situacao":"Adjudicado","descricao":"<div style=\"text-align: justify;\">A Prefeitura Municipal de Paracatu, por interm&eacute;dio da Secretaria Municipal de Turismo, no uso de suas atribui&ccedil;&otilde;es torna p&uacute;blico o Edital de Chamamento P&uacute;blico para concess&atilde;o de vagas para explora&ccedil;&atilde;o comercial do servi&ccedil;o de Bares e Restaurantes para o Carnaval 2026 a realizar-se nos dia 13 a 17 de fevereiro de 2026. O evento CARNAVAL DE OUTRORA acontecer&aacute; no Largo do Ros&aacute;rio, s\/n, centro, Paracatu (MG) em per&iacute;odo noturno e diurno, de acordo com as condi&ccedil;&otilde;es estabelecidas neste instrumento convocat&oacute;rio.<br \/>\r\n&nbsp;<\/div>\r\n\r\n<div style=\"text-align: center;\"><a class=\"simple-button-plugin\" href=\"https:\/\/www.paracatu.mg.gov.br\/chamada-para-vagas-de-bares-e-restaurantes-para-as-festividades-do-carnafolia-2026\" style=\"display:inline-block;background-color:#27AE61;border:1px solid #27AE61;color:#fff !important;padding:5px 10px;border-radius:5px;font-size:14px;text-decoration: none !important; cursor: pointer; margin:5px;\" target=\"_blank\">INSCRI&Ccedil;&Atilde;O ONLINE<\/a><\/div>\r\n","valorEstimado":"","valorHomologado":""},{"titulo":"EDITAL DE CHAMAMENTO P\u00daBLICO - COMPHAP N\u00ba 001\/2025","dataAtualizacao":"2026-08-19 14:39:42","dataPostagem":"","dataRealizacao":"2025-06-06 20:30:00","numeroEdital":1,"numeroProcesso":1,"modalidade":"Chamamento P\u00fablico","situacao":"Adjudicado","descricao":"EDITAL DE PREMIA&Ccedil;&Atilde;O &Agrave;S MANIFESTA&Ccedil;&Otilde;ES CULTURAIS REGISTRADAS COMO BENS IMATERIAIS DO MUNIC&Iacute;PIO DE PARACATU, COM RECURSOS DO CONSELHO MUNICIPAL DO PATRIM&Ocirc;NIO CULTURAL Este Edital ser&aacute; realizado com recursos do FUMPAC- FUNDO MUNICIPAL DO PATRIM&Ocirc;NIO CULTURAL DE PARACATU e tem como finalidade desenvolver a Pol&iacute;tica Municipal do Patrim&ocirc;nio Cultural como parte de uma pol&iacute;tica sist&ecirc;mica, coerente e integrada.","valorEstimado":"","valorHomologado":""},{"titulo":"EDITAL DE CHAMAMENTO P\u00daBLICO - COMPHAP N\u00ba 002\/2025","dataAtualizacao":"2026-08-17 17:39:37","dataPostagem":"","dataRealizacao":"2025-06-09 20:00:00","numeroEdital":2,"numeroProcesso":2,"modalidade":"Chamamento P\u00fablico","situacao":"Adjudicado","descricao":"SELE&Ccedil;&Atilde;O DE PROJETOS PARA FIRMAR TERMO DE EXECU&Ccedil;&Atilde;O CULTURAL DE FOMENTO AOS PLANOS DE SALVAGUARDA DE BENS REGISTRADOS COMO PATRIM&Ocirc;NIO IMATERIAL DO MUNIC&Iacute;PIO COM RECURSOS DO FUMPAC- FUNDO MUNICIPAL DO PATRIM&Ocirc;NIO CULTURAL","valorEstimado":"","valorHomologado":""},{"titulo":"EDITAL DE CHAMAMENTO P\u00daBLICO N\u00ba 02\/2026 CULTURAS DE CURA - PREMIA\u00c7\u00c3O DE BENZEDEIRAS","dataAtualizacao":"2026-08-21 15:07:39","dataPostagem":"","dataRealizacao":"2026-06-03 17:14:00","numeroEdital":2,"numeroProcesso":2,"modalidade":"Chamamento P\u00fablico","situacao":"Aberto","descricao":"<!-- Corpo do Texto Jornal\u00edstico -->\r\n<div style=\"font-size: 16px; color: #334155; text-align: justify; margin-bottom: 40px;\">Com o objetivo de reconhecer, valorizar e proteger as detentoras de saberes da medicina popular e tradicional, a Prefeitura Municipal de Paracatu, por meio da Secretaria de Cultura, lan&ccedil;ou oficialmente o <strong>Edital de Chamamento P&uacute;blico de Premia&ccedil;&atilde;o das Benzedeiras<\/strong>. A iniciativa busca salvaguardar essas mulheres, consideradas verdadeiras guardi&atilde;s da identidade, da ancestralidade e do patrim&ocirc;nio imaterial do munic&iacute;pio.<br \/>\r\n<br \/>\r\nA premia&ccedil;&atilde;o consistir&aacute; em um repasse financeiro direto voltado ao reconhecimento da trajet&oacute;ria cultural dessas moradoras. Por se tratar de um pr&ecirc;mio de reconhecimento de m&eacute;rito, as contempladas estar&atilde;o isentas de exig&ecirc;ncia de contrapartida ou de presta&ccedil;&atilde;o de contas futuras, facilitando o acesso ao incentivo fomentado pela Pol&iacute;tica Nacional Aldir Blanc (PNAB).<br \/>\r\n<br \/>\r\n<strong><a class=\"simple-button-plugin\" href=\"https:\/\/www.paracatu.mg.gov.br\/edital-de-chamamento-publico-n--02\/2026-culturas-de-cura---premiacao-de-benzedeiras\" style=\"display:inline-block;background-color:#27AE61;border:1px solid #27AE61;color:#fff !important;padding:5px 10px;border-radius:5px;font-size:14px;text-decoration: none !important; cursor: pointer; margin:5px;\" target=\"_blank\">ACESSIBILIDADE: EDITAL EM A&Uacute;DIO DESCRI&Ccedil;&Atilde;O - CLIQUE AQUI<\/a><\/strong><span style=\"font-size:30px; line-height:1; margin-right:15px\"><\/span><\/div>\r\n<!-- Grid de Informa\u00e7\u00f5es Principais --><!-- BLOCO DE DIRECIONAMENTO PARA O EDITAL COMPLETO COM AUDIODESCRI\u00c7\u00c3O -->","valorEstimado":"","valorHomologado":""},{"titulo":"EDITAL DE CHAMAMENTO P\u00daBLICO N\u00ba 04\/2026 FOMENTO \u00c0S ARTES","dataAtualizacao":"2026-08-25 16:50:10","dataPostagem":"","dataRealizacao":"2026-06-03 19:17:00","numeroEdital":4,"numeroProcesso":4,"modalidade":"Chamamento P\u00fablico","situacao":"Aberto","descricao":"<div style=\"text-align: justify;\">Com o objetivo de incentivar e dinamizar a cena art&iacute;stica local, a Prefeitura Municipal de Paracatu, por meio da Secretaria de Cultura, lan&ccedil;ou oficialmente o Edital de Chamamento P&uacute;blico de Fomento &agrave;s Artes. A iniciativa busca apoiar e dar visibilidade aos agentes culturais do munic&iacute;pio nas &aacute;reas de Artes Pl&aacute;sticas, Dan&ccedil;a, Literatura, M&uacute;sica e Teatro, fortalecendo a produ&ccedil;&atilde;o criativa de Paracatu.<br \/>\r\n<br \/>\r\nO edital selecionar&aacute; 10 projetos in&eacute;ditos (sendo 2 por categoria), com um repasse financeiro de R$ 18.400,00 para cada proposta contemplada. O incentivo &eacute; viabilizado com recursos federais da Pol&iacute;tica Nacional Aldir Blanc de Fomento &agrave; Cultura (PNAB) e as inscri&ccedil;&otilde;es s&atilde;o gratuitas, realizadas diretamente no portal oficial da Prefeitura no per&iacute;odo de 08 de junho a 17 de julho de 2026. Para democratizar o acesso, o certame tamb&eacute;m conta com reserva de cotas para pessoas negras, ind&iacute;genas e com defici&ecirc;ncia.<br \/>\r\n<br \/>\r\n<strong><a class=\"simple-button-plugin\" href=\"https:\/\/www.paracatu.mg.gov.br\/edital-de-chamamento-publico-n--04\/2026-fomento-as-artes\" style=\"display:inline-block;background-color:#27AE61;border:1px solid #27AE61;color:#fff !important;padding:5px 10px;border-radius:5px;font-size:14px;text-decoration: none !important; cursor: pointer; margin:5px;\" target=\"_blank\">EDITAL EM A&Uacute;DIO DESCRI&Ccedil;&Atilde;O - CLIQUE AQUI<\/a><\/strong><\/div>\r\n","valorEstimado":"","valorHomologado":""},{"titulo":"EDITAL DE CHAMAMENTO P\u00daBLICO N\u00ba 03\/2026 FOMENTO \u00c0S CULTURAS POPULARES E TRADICIONAIS","dataAtualizacao":"2026-08-25 16:49:35","dataPostagem":"","dataRealizacao":"2026-06-03 19:38:00","numeroEdital":3,"numeroProcesso":3,"modalidade":"Chamamento P\u00fablico","situacao":"Aberto","descricao":"<div style=\"text-align: justify;\">O <strong>Edital de Chamamento P&uacute;blico n&ordm; 003\/2026<\/strong>, promovido pela Secretaria Municipal de Cultura de Paracatu-MG com recursos federais da Pol&iacute;tica Nacional Aldir Blanc (PNAB), tem como objeto a sele&ccedil;&atilde;o de 17 projetos culturais voltados ao incentivo e preserva&ccedil;&atilde;o das manifesta&ccedil;&otilde;es tradicionais do munic&iacute;pio. Com um or&ccedil;amento total de R$ 224.950,00, a iniciativa distribui pr&ecirc;mios financeiros entre cinco categorias espec&iacute;ficas: Festas Populares, Novas Festas Populares, al&eacute;m de oficinas de Artesanato, Capoeira e Quitanda. As inscri&ccedil;&otilde;es s&atilde;o gratuitas e destinadas a agentes culturais residentes no munic&iacute;pio h&aacute; pelo menos 5 anos, com vagas reservadas para cotas (pessoas negras, ind&iacute;genas e com defici&ecirc;ncia) e prazo de execu&ccedil;&atilde;o dos projetos estipulado em 8 meses.<\/div>\r\n<br \/>\r\n<a class=\"simple-button-plugin\" href=\"https:\/\/www.paracatu.mg.gov.br\/edital-de-chamamento-publico-n--03\/2026-fomento-as-culturas-populares-e-tradicionais\" style=\"display:inline-block;background-color:#27AE61;border:1px solid #27AE61;color:#fff !important;padding:5px 10px;border-radius:5px;font-size:14px;text-decoration: none !important; cursor: pointer; margin:5px;\" target=\"_blank\">EDITAL EM A&Uacute;DIO DESCRI&Ccedil;&Atilde;O - CLIQUE AQUI<\/a>","valorEstimado":"","valorHomologado":""},{"titulo":"EDITAL COMPHAP N\u00ba 001\/2026","dataAtualizacao":"2026-08-26 14:12:40","dataPostagem":"","dataRealizacao":"2026-08-25 16:00:00","numeroEdital":0,"numeroProcesso":1,"modalidade":"Chamamento P\u00fablico","situacao":"Aberto","descricao":"SELE&Ccedil;&Atilde;O DE PROJETOS CULTURAIS PARA FOMENTO &Agrave; PROTE&Ccedil;&Atilde;O, PRESERVA&Ccedil;&Atilde;O E PROMO&Ccedil;&Atilde;O DO PATRIM&Ocirc;NIO CULTURAL IMATERIAL DE PARACATU COM RECURSOS DO FUMPAC &ndash; FUNDO MUNICIPAL DO PATRIM&Ocirc;NIO CULTURAL","valorEstimado":"","valorHomologado":""},{"titulo":"EDITAL PARA CAPTA\u00c7\u00c3O DE RECURSOS N\u00ba 01\/2026","dataAtualizacao":"2026-08-26 14:36:17","dataPostagem":"","dataRealizacao":"2026-08-26 09:52:00","numeroEdital":0,"numeroProcesso":1,"modalidade":"Chamamento P\u00fablico","situacao":"Aberto","descricao":"<div style=\"text-align: justify;\">O Munic&iacute;pio de Paracatu\/MG, por meio da Secretaria Municipal de Assist&ecirc;ncia Social e atrav&eacute;s do Conselho Municipal dos Direitos da Crian&ccedil;a e do Adolescente - CMDCA, com fulcro na Lei Federal n&ordm; 13.019, de 31 de julho de 2014, alterada pela Lei n&ordm; 13.204, de 14 de dezembro de 2015, que &ldquo;Estabelece o regime jur&iacute;dico das parcerias entre a administra&ccedil;&atilde;o p&uacute;blica e as organiza&ccedil;&otilde;es da sociedade civil, em regime de m&uacute;tua coopera&ccedil;&atilde;o, para a consecu&ccedil;&atilde;o de finalidades de interesse p&uacute;blico e rec&iacute;proco, mediante a execu&ccedil;&atilde;o de atividades ou de projetos previamente estabelecidos em planos de trabalho inseridos em termos de colabora&ccedil;&atilde;o, em termos de fomento ou em acordos de coopera&ccedil;&atilde;o; define diretrizes para a pol&iacute;tica de fomento, de colabora&ccedil;&atilde;o e de coopera&ccedil;&atilde;o com organiza&ccedil;&otilde;es da sociedade civil; e altera as Leis n&ordm; 8.429, de 2 de junho de 1992, e n&ordm; 9.790, de 23 de mar&ccedil;o de 1999; Decreto Municipal n&ordm; 6.707, de 2 de maio de 2023, que &ldquo;Regulamenta a aplica&ccedil;&atilde;o da Lei Federal n&ordm; 13.019, de 31 de julho de 2014; Lei Federal n&ordm; 8.069 de 13 de julho de 1990, que &ldquo;Disp&otilde;e sobre o Estatuto da Crian&ccedil;a e do Adolescente e d&aacute; outras provid&ecirc;ncias&rdquo;; Lei Federal n&ordm; 14.692, de 03 de outubro de 2023, que altera o Estatuto da Crian&ccedil;a e do Adolescente, para possibilitar ao doador de recursos aos Fundos dos Direitos da Crian&ccedil;a e do Adolescente a indica&ccedil;&atilde;o da destina&ccedil;&atilde;o desses recursos, na forma que especifica&rdquo;; Resolu&ccedil;&atilde;o do Conanda n&ordm; 137\/2010, de 21 de janeiro de 2010, &ldquo;Disp&otilde;e sobre os par&acirc;metros para a cria&ccedil;&atilde;o e o funcionamento dos Fundos Nacional, Estaduais e Municipais dos Direitos da Crian&ccedil;a e do Adolescente e d&aacute; outras provid&ecirc;ncias&rdquo; e Resolu&ccedil;&atilde;o do Conanda n&ordm; 194\/2017, de 10 de julho de 2017, que &ldquo;Inclui o par&aacute;grafo 2&ordm; do artigo 16 da Resolu&ccedil;&atilde;o n&ordm; 137, de 21 de janeiro de 2010&rdquo; TORNA P&Uacute;BLICO o presente Edital de Chamamento P&uacute;blico para Chancela de Projetos Governamentais e N&atilde;o-governamentais para capta&ccedil;&atilde;o de recursos que tenham por objeto a execu&ccedil;&atilde;o de programas e a&ccedil;&otilde;es com projetos voltados &agrave; promo&ccedil;&atilde;o, prote&ccedil;&atilde;o e defesa de direitos da crian&ccedil;a e adolescente, por interm&eacute;dio do Fundo Municipal dos Direitos da Crian&ccedil;a e Adolescente de Paracatu\/MG.&nbsp;<\/div>\r\n","valorEstimado":"","valorHomologado":""},{"titulo":"EDITAL DE CREDENCIAMENTO CMDPI N\u00ba 01\/2026","dataAtualizacao":"2026-08-27 14:12:22","dataPostagem":"","dataRealizacao":"2026-06-09 13:00:00","numeroEdital":1,"numeroProcesso":1,"modalidade":"Credenciamento","situacao":"Aberto","descricao":"","valorEstimado":"","valorHomologado":""}]}